{"id":18080,"date":"2026-03-20T11:31:48","date_gmt":"2026-03-20T10:31:48","guid":{"rendered":"https:\/\/www.comunicabooksedizioni.it\/Home\/?p=18080"},"modified":"2026-05-26T14:37:47","modified_gmt":"2026-05-26T12:37:47","slug":"omar-il-sardo","status":"publish","type":"post","link":"https:\/\/www.comunicabooksedizioni.it\/Home\/2026\/03\/20\/omar-il-sardo\/","title":{"rendered":"Omar il Sardo"},"content":{"rendered":"\n<p class=\"wp-block-paragraph\"><strong>Arbatax 1554: Tra il profumo dell&#8217;olio di lentisco e l&#8217;ombra delle vele saracene<\/strong><br>Esistono luoghi dove la Storia non \u00e8 fatta solo di grandi battaglie campali, ma di sguardi rivolti all\u2019orizzonte e di gesti quotidiani che profumano di resilienza. <strong>Arbatax, anno di Grazia 1554<\/strong>, \u00e8 uno di questi luoghi.<\/p>\n\n\n\n<p class=\"wp-block-paragraph\">Sotto il dominio della corona di Spagna di Filippo II, la costa ogliastrina vive sospesa in un equilibrio precario. Da un lato la maestosa <strong>Torre di San Miguel<\/strong>, baluardo di granito e porfido che domina il borgo con le sue venticinque braccia d&#8217;altezza; dall&#8217;altro, un piccolo villaggio di pescatori che cerca di strappare al Tirreno il necessario per vivere.<\/p>\n\n\n\n<p class=\"wp-block-paragraph\"><strong>Basilio Cannas: il custode del corpo e della comunit\u00e0<\/strong><br>Al centro di questo microcosmo troviamo <strong>Basilio Cannas<\/strong>. Non \u00e8 un soldato, n\u00e9 un nobile, ma la sua figura \u00e8 fondamentale per il borgo. Basilio \u00e8 un <strong>barbiere e cerusico<\/strong>: un uomo che con la stessa mano affila il rasoio per la barba di Don Gonzalo e stecca le ossa rotte di un pescatore ferito al porto.<\/p>\n\n\n\n<p class=\"wp-block-paragraph\">In un&#8217;epoca in cui la medicina accademica \u00e8 spesso distante, Basilio rappresenta il sapere empirico, quello tramandato di padre in figlio. <br>\u00c8 lui che &#8220;salva la mano&#8221; a chi vive di reti e timoni, opponendosi con coraggio e buon senso alle sbrigative diagnosi di amputazione dei medici del tempo.<\/p>\n\n\n\n<p class=\"wp-block-paragraph\"><strong>La minaccia che viene dal mare<\/strong><br>Ma dietro la quotidianit\u00e0 della bottega, fatta di chiacchiere in sardo e spagnolo, si nasconde un terrore ancestrale. Il 1550 \u00e8 il tempo dei <strong>Saraceni<\/strong>.<\/p>\n\n\n\n<p class=\"wp-block-paragraph\">Le storie dei &#8220;Moros&#8221; non sono leggende per spaventare i bambini, ma ferite aperte nella memoria collettiva. Sono i racconti di chi, come la giovane Maria Piras, \u00e8 stato strappato alla propria terra per finire in schiavit\u00f9 a Tunisi o Algeri. Per Basilio, la preoccupazione non \u00e8 solo per s\u00e9, ma per la sua famiglia: la madre Annicca, la sorella Lenarda e il piccolo Bertu, il suo giovane aiutante di bottega.<\/p>\n\n\n\n<p class=\"wp-block-paragraph\"><strong>Un viaggio nel cuore della Sardegna spagnola<\/strong><br>L&#8217;inizio di questa avventura ci proietta in un mondo di contrasti:<\/p>\n\n\n\n<ul class=\"wp-block-list\">\n<li>Il calore del focolare domestico dove cuoce l&#8217;agnello allo spiedo.<\/li>\n\n\n\n<li>Il freddo metallo delle scimitarre barbaresche che infestano le rotte mediterranee.<\/li>\n\n\n\n<li>L&#8217;orgoglio di una terra, la Sardegna, che cerca di difendere la propria identit\u00e0 tra due lingue e mille pericoli.<\/li>\n<\/ul>\n\n\n\n<p class=\"wp-block-paragraph\">Riuscir\u00e0 la sorveglianza della Torre di San Miguel e il coraggio di uomini come Basilio a tenere lontana l&#8217;ombra dei Giannizzeri? O il destino ha gi\u00e0 scritto un finale diverso sulle coste di Arbatax?<\/p>\n\n\n\n<p class=\"wp-block-paragraph\"><strong>L&#8217;avventura \u00e8 appena iniziata.<\/strong><\/p>\n\n\n\n<figure class=\"wp-block-image size-large is-resized\"><img fetchpriority=\"high\" decoding=\"async\" width=\"737\" height=\"1024\" src=\"https:\/\/www.comunicabooksedizioni.it\/wp-content\/uploads\/2026\/03\/Omar-il-Sardo-2-737x1024.jpg\" alt=\"\" class=\"wp-image-18108\" style=\"aspect-ratio:0.7050366428604771;width:309px;height:auto\" srcset=\"https:\/\/www.comunicabooksedizioni.it\/wp-content\/uploads\/2026\/03\/Omar-il-Sardo-2-737x1024.jpg 737w, https:\/\/www.comunicabooksedizioni.it\/wp-content\/uploads\/2026\/03\/Omar-il-Sardo-2-216x300.jpg 216w, https:\/\/www.comunicabooksedizioni.it\/wp-content\/uploads\/2026\/03\/Omar-il-Sardo-2-768x1068.jpg 768w, https:\/\/www.comunicabooksedizioni.it\/wp-content\/uploads\/2026\/03\/Omar-il-Sardo-2-920x1279.jpg 920w, https:\/\/www.comunicabooksedizioni.it\/wp-content\/uploads\/2026\/03\/Omar-il-Sardo-2.jpg 992w\" sizes=\"(max-width: 737px) 100vw, 737px\" \/><\/figure>\n\n\n\n<p class=\"wp-block-paragraph\">Disponibile nella nostra <a href=\"https:\/\/www.comunicabooksedizioni.it\/Home\/prodotto\/omar-il-sardo-verso-lalgeria\/\" title=\"\">libreria<\/a><br>con un piccolo omaggio&#8230;<\/p>\n\n\n\n<p class=\"wp-block-paragraph\">Acquistabile anche a questo <a href=\"https:\/\/store.streetlib.com\/fiction\/omar-il-sardo-verso-l-algeria-958687\/\" target=\"_blank\" rel=\"noopener\" title=\"Store di StreetLib\">link<\/a><\/p>\n","protected":false},"excerpt":{"rendered":"<p>Arbatax 1554: Tra il profumo dell&#8217;olio di lentisco e l&#8217;ombra delle vele saraceneEsistono luoghi dove la Storia non \u00e8 fatta solo di grandi battaglie campali, ma di sguardi rivolti all\u2019orizzonte [&hellip;]<\/p>\n","protected":false},"author":2,"featured_media":0,"comment_status":"open","ping_status":"open","sticky":false,"template":"","format":"standard","meta":{"om_disable_all_campaigns":false,"_jetpack_newsletter_access":"","_jetpack_dont_email_post_to_subs":false,"_jetpack_newsletter_tier_id":0,"_jetpack_memberships_contains_paywalled_content":false,"_jetpack_feature_clip_id":0,"_jetpack_memberships_contains_paid_content":false,"footnotes":"","jetpack_post_was_ever_published":false},"categories":[69],"tags":[73],"class_list":["post-18080","post","type-post","status-publish","format-standard","hentry","category-romanzo","tag-sardegna"],"jetpack_sharing_enabled":true,"jetpack_featured_media_url":"","_links":{"self":[{"href":"https:\/\/www.comunicabooksedizioni.it\/Home\/wp-json\/wp\/v2\/posts\/18080","targetHints":{"allow":["GET"]}}],"collection":[{"href":"https:\/\/www.comunicabooksedizioni.it\/Home\/wp-json\/wp\/v2\/posts"}],"about":[{"href":"https:\/\/www.comunicabooksedizioni.it\/Home\/wp-json\/wp\/v2\/types\/post"}],"author":[{"embeddable":true,"href":"https:\/\/www.comunicabooksedizioni.it\/Home\/wp-json\/wp\/v2\/users\/2"}],"replies":[{"embeddable":true,"href":"https:\/\/www.comunicabooksedizioni.it\/Home\/wp-json\/wp\/v2\/comments?post=18080"}],"version-history":[{"count":9,"href":"https:\/\/www.comunicabooksedizioni.it\/Home\/wp-json\/wp\/v2\/posts\/18080\/revisions"}],"predecessor-version":[{"id":18180,"href":"https:\/\/www.comunicabooksedizioni.it\/Home\/wp-json\/wp\/v2\/posts\/18080\/revisions\/18180"}],"wp:attachment":[{"href":"https:\/\/www.comunicabooksedizioni.it\/Home\/wp-json\/wp\/v2\/media?parent=18080"}],"wp:term":[{"taxonomy":"category","embeddable":true,"href":"https:\/\/www.comunicabooksedizioni.it\/Home\/wp-json\/wp\/v2\/categories?post=18080"},{"taxonomy":"post_tag","embeddable":true,"href":"https:\/\/www.comunicabooksedizioni.it\/Home\/wp-json\/wp\/v2\/tags?post=18080"}],"curies":[{"name":"wp","href":"https:\/\/api.w.org\/{rel}","templated":true}]}}