{"id":17991,"date":"2025-12-02T17:18:01","date_gmt":"2025-12-02T16:18:01","guid":{"rendered":"https:\/\/www.comunicabooksedizioni.it\/Home\/?p=17991"},"modified":"2026-05-26T14:37:56","modified_gmt":"2026-05-26T12:37:56","slug":"alberi-senza-radici","status":"publish","type":"post","link":"https:\/\/www.comunicabooksedizioni.it\/Home\/2025\/12\/02\/alberi-senza-radici\/","title":{"rendered":"Alberi senza radici"},"content":{"rendered":"\n<p class=\"wp-block-paragraph\"><strong>di Karima Abdel Razek<\/strong><\/p>\n\n\n\n<p class=\"wp-block-paragraph\"><strong><em>Dalla Prefazione di Anna Bernardini<\/em><\/strong><\/p>\n\n\n\n<p class=\"wp-block-paragraph\">Questo romanzo nasce dalla voce limpida di una donna che, guardandosi indietro, ricostruisce il percorso doloroso e sorprendente che l\u2019ha condotta alla libert\u00e0. \u00c8 una storia vera, narrata con uno sguardo lucido e mai compiaciuto, capace di restituire la complessit\u00e0 di un\u2019adolescenza spezzata e ricucita attraverso incontri, scelte forzate e improvvisi lampi di grazia.<br><br>Al centro c\u2019\u00e8 una ragazza italo-egiziana che a tredici anni vede crollare le certezze pi\u00f9 elementari: la citt\u00e0 in cui \u00e8 cresciuta, la scuola, l\u2019idea stessa della famiglia. L\u2019arresto del padre (figura imponente, carismatica, ma anche ingombrante) la trascina in una realt\u00e0 che non ha scelto, nel cuore del Cairo, dove tutto sembra pi\u00f9 estraneo e definitivo. <\/p>\n\n\n\n<p class=\"wp-block-paragraph\">Accanto a lui, quasi in controluce, la madre appare come una presenza discreta: fragile e risoluta insieme, trascinata in eventi pi\u00f9 grandi di lei, ma animata da una forza sotterranea che affiora con discrezione. (&#8230;)<\/p>\n\n\n\n<p class=\"wp-block-paragraph\">Sul fondo della storia, emerge poi un altro tema silenzioso ma cruciale: quello della migrazione, vissuta come sradicamento, difficolt\u00e0 di adattamento e senso di diversit\u00e0. Milano e l\u2019Italia rimangono sempre come una presenza latente, un filo sottile che attraversa la narrazione, ricordando le radici, le origini e ci\u00f2 che continua a far parte dell\u2019identit\u00e0 della protagonista. Questo romanzo risuona con chi ha conosciuto lo stesso senso di sradicamento, anche se vissuto in contesti diversi, e mette in luce un fenomeno che potremmo definire una \u201cmigrazione contraria\u201d: un viaggio in senso opposto rispetto alle rotte migratorie pi\u00f9 comuni e attuali, eppure non per questo meno complesso o doloroso. Pur rimanendo sullo sfondo, questo tema conferisce al libro uno spessore universale, mostrando come il cambiamento e l\u2019adattamento siano esperienze difficili ma formative. (&#8230;)<\/p>\n\n\n\n<figure class=\"wp-block-image size-large is-resized\"><img fetchpriority=\"high\" decoding=\"async\" width=\"719\" height=\"1024\" src=\"https:\/\/www.comunicabooksedizioni.it\/wp-content\/uploads\/2025\/12\/Alberi_Senza_Radici-719x1024.jpg\" alt=\"\" class=\"wp-image-17992\" style=\"width:372px;height:auto\" srcset=\"https:\/\/www.comunicabooksedizioni.it\/wp-content\/uploads\/2025\/12\/Alberi_Senza_Radici-719x1024.jpg 719w, https:\/\/www.comunicabooksedizioni.it\/wp-content\/uploads\/2025\/12\/Alberi_Senza_Radici-211x300.jpg 211w, https:\/\/www.comunicabooksedizioni.it\/wp-content\/uploads\/2025\/12\/Alberi_Senza_Radici-768x1093.jpg 768w, https:\/\/www.comunicabooksedizioni.it\/wp-content\/uploads\/2025\/12\/Alberi_Senza_Radici-1079x1536.jpg 1079w, https:\/\/www.comunicabooksedizioni.it\/wp-content\/uploads\/2025\/12\/Alberi_Senza_Radici-1439x2048.jpg 1439w, https:\/\/www.comunicabooksedizioni.it\/wp-content\/uploads\/2025\/12\/Alberi_Senza_Radici-1320x1879.jpg 1320w, https:\/\/www.comunicabooksedizioni.it\/wp-content\/uploads\/2025\/12\/Alberi_Senza_Radici-920x1310.jpg 920w, https:\/\/www.comunicabooksedizioni.it\/wp-content\/uploads\/2025\/12\/Alberi_Senza_Radici.jpg 1787w\" sizes=\"(max-width: 719px) 100vw, 719px\" \/><\/figure>\n\n\n\n<p class=\"wp-block-paragraph\">Acquista il <a href=\"https:\/\/www.comunicabooksedizioni.it\/Home\/prodotto\/alberi-senza-radici\/\" title=\"\">libro<\/a> oppure vai in <a href=\"https:\/\/www.comunicabooksedizioni.it\/Home\/shop\/\" title=\"\">libreria<\/a><\/p>\n\n\n\n<p class=\"wp-block-paragraph\"><\/p>\n","protected":false},"excerpt":{"rendered":"<p>di Karima Abdel Razek Dalla Prefazione di Anna Bernardini Questo romanzo nasce dalla voce limpida di una donna che, guardandosi indietro, ricostruisce il percorso doloroso e sorprendente che l\u2019ha condotta [&hellip;]<\/p>\n","protected":false},"author":2,"featured_media":0,"comment_status":"open","ping_status":"open","sticky":false,"template":"","format":"standard","meta":{"om_disable_all_campaigns":false,"_jetpack_newsletter_access":"","_jetpack_dont_email_post_to_subs":false,"_jetpack_newsletter_tier_id":0,"_jetpack_memberships_contains_paywalled_content":false,"_jetpack_feature_clip_id":0,"_jetpack_memberships_contains_paid_content":false,"footnotes":"","jetpack_post_was_ever_published":false},"categories":[69],"tags":[64,67,63,68,65,66],"class_list":["post-17991","post","type-post","status-publish","format-standard","hentry","category-romanzo","tag-ilcairo","tag-la-forza-delle-donne","tag-milano","tag-storie-di-vita","tag-tra-due-mondi","tag-viaggio-interiore"],"jetpack_sharing_enabled":true,"jetpack_featured_media_url":"","_links":{"self":[{"href":"https:\/\/www.comunicabooksedizioni.it\/Home\/wp-json\/wp\/v2\/posts\/17991","targetHints":{"allow":["GET"]}}],"collection":[{"href":"https:\/\/www.comunicabooksedizioni.it\/Home\/wp-json\/wp\/v2\/posts"}],"about":[{"href":"https:\/\/www.comunicabooksedizioni.it\/Home\/wp-json\/wp\/v2\/types\/post"}],"author":[{"embeddable":true,"href":"https:\/\/www.comunicabooksedizioni.it\/Home\/wp-json\/wp\/v2\/users\/2"}],"replies":[{"embeddable":true,"href":"https:\/\/www.comunicabooksedizioni.it\/Home\/wp-json\/wp\/v2\/comments?post=17991"}],"version-history":[{"count":5,"href":"https:\/\/www.comunicabooksedizioni.it\/Home\/wp-json\/wp\/v2\/posts\/17991\/revisions"}],"predecessor-version":[{"id":18041,"href":"https:\/\/www.comunicabooksedizioni.it\/Home\/wp-json\/wp\/v2\/posts\/17991\/revisions\/18041"}],"wp:attachment":[{"href":"https:\/\/www.comunicabooksedizioni.it\/Home\/wp-json\/wp\/v2\/media?parent=17991"}],"wp:term":[{"taxonomy":"category","embeddable":true,"href":"https:\/\/www.comunicabooksedizioni.it\/Home\/wp-json\/wp\/v2\/categories?post=17991"},{"taxonomy":"post_tag","embeddable":true,"href":"https:\/\/www.comunicabooksedizioni.it\/Home\/wp-json\/wp\/v2\/tags?post=17991"}],"curies":[{"name":"wp","href":"https:\/\/api.w.org\/{rel}","templated":true}]}}