{"id":1,"date":"2025-03-16T10:11:52","date_gmt":"2025-03-16T10:11:52","guid":{"rendered":"https:\/\/www.comunicabooksedizioni.it\/?p=1"},"modified":"2026-05-26T14:40:19","modified_gmt":"2026-05-26T12:40:19","slug":"mondo-libri","status":"publish","type":"post","link":"https:\/\/www.comunicabooksedizioni.it\/Home\/2025\/03\/16\/mondo-libri\/","title":{"rendered":"A presto!"},"content":{"rendered":"\n<p class=\"wp-block-paragraph\">Siamo entusiasti di annunciare che stiamo lavorando per rendere operativo al pi\u00f9 presto il nostro sito e il nostro blog. Questo nuovo spazio sar\u00e0 un punto di incontro dove potremo condividere notizie, approfondimenti, curiosit\u00e0 e aggiornamenti riguardanti il nostro lavoro e le attivit\u00e0 che ci stanno pi\u00f9 a cuore.<\/p>\n\n\n\n<p class=\"wp-block-paragraph\">Il blog rappresenta per noi un\u2019opportunit\u00e0 preziosa per dialogare con voi, ascoltare le vostre opinioni e creare una community sempre pi\u00f9 coesa e informata. <\/p>\n\n\n\n<p class=\"wp-block-paragraph\">Restate connessi: a breve potrete leggere i nostri primi articoli e partecipare attivamente alla crescita di questo progetto. Non vediamo l\u2019ora di iniziare questa nuova avventura insieme a voi!<\/p>\n\n\n\n<figure class=\"wp-block-image size-full\"><img fetchpriority=\"high\" decoding=\"async\" width=\"1024\" height=\"768\" src=\"https:\/\/www.comunicabooksedizioni.it\/wp-content\/uploads\/2025\/07\/genera-una-immagine-che-indica-che-al-piu-presto-sara.png\" alt=\"\" class=\"wp-image-17531\" srcset=\"https:\/\/www.comunicabooksedizioni.it\/wp-content\/uploads\/2025\/07\/genera-una-immagine-che-indica-che-al-piu-presto-sara.png 1024w, https:\/\/www.comunicabooksedizioni.it\/wp-content\/uploads\/2025\/07\/genera-una-immagine-che-indica-che-al-piu-presto-sara-300x225.png 300w, https:\/\/www.comunicabooksedizioni.it\/wp-content\/uploads\/2025\/07\/genera-una-immagine-che-indica-che-al-piu-presto-sara-768x576.png 768w, https:\/\/www.comunicabooksedizioni.it\/wp-content\/uploads\/2025\/07\/genera-una-immagine-che-indica-che-al-piu-presto-sara-920x690.png 920w\" sizes=\"(max-width: 1024px) 100vw, 1024px\" \/><\/figure>\n","protected":false},"excerpt":{"rendered":"<p>Siamo entusiasti di annunciare che stiamo lavorando per rendere operativo al pi\u00f9 presto il nostro sito e il nostro blog. Questo nuovo spazio sar\u00e0 un punto di incontro dove potremo [&hellip;]<\/p>\n","protected":false},"author":2,"featured_media":0,"comment_status":"closed","ping_status":"open","sticky":false,"template":"","format":"standard","meta":{"om_disable_all_campaigns":false,"_jetpack_newsletter_access":"","_jetpack_dont_email_post_to_subs":false,"_jetpack_newsletter_tier_id":0,"_jetpack_memberships_contains_paywalled_content":false,"_jetpack_feature_clip_id":0,"_jetpack_memberships_contains_paid_content":false,"footnotes":"","jetpack_post_was_ever_published":false},"categories":[87],"tags":[],"class_list":["post-1","post","type-post","status-publish","format-standard","hentry","category-editoria"],"jetpack_sharing_enabled":true,"jetpack_featured_media_url":"","_links":{"self":[{"href":"https:\/\/www.comunicabooksedizioni.it\/Home\/wp-json\/wp\/v2\/posts\/1","targetHints":{"allow":["GET"]}}],"collection":[{"href":"https:\/\/www.comunicabooksedizioni.it\/Home\/wp-json\/wp\/v2\/posts"}],"about":[{"href":"https:\/\/www.comunicabooksedizioni.it\/Home\/wp-json\/wp\/v2\/types\/post"}],"author":[{"embeddable":true,"href":"https:\/\/www.comunicabooksedizioni.it\/Home\/wp-json\/wp\/v2\/users\/2"}],"replies":[{"embeddable":true,"href":"https:\/\/www.comunicabooksedizioni.it\/Home\/wp-json\/wp\/v2\/comments?post=1"}],"version-history":[{"count":6,"href":"https:\/\/www.comunicabooksedizioni.it\/Home\/wp-json\/wp\/v2\/posts\/1\/revisions"}],"predecessor-version":[{"id":17902,"href":"https:\/\/www.comunicabooksedizioni.it\/Home\/wp-json\/wp\/v2\/posts\/1\/revisions\/17902"}],"wp:attachment":[{"href":"https:\/\/www.comunicabooksedizioni.it\/Home\/wp-json\/wp\/v2\/media?parent=1"}],"wp:term":[{"taxonomy":"category","embeddable":true,"href":"https:\/\/www.comunicabooksedizioni.it\/Home\/wp-json\/wp\/v2\/categories?post=1"},{"taxonomy":"post_tag","embeddable":true,"href":"https:\/\/www.comunicabooksedizioni.it\/Home\/wp-json\/wp\/v2\/tags?post=1"}],"curies":[{"name":"wp","href":"https:\/\/api.w.org\/{rel}","templated":true}]}}